{"id":196,"count":8,"description":"Die S-Serie ist unsere gro\u00dfe Serie (Durchmesser 3,85 m, Kapazit\u00e4t 42 bis 75 m3) f\u00fcr diejenigen, die mittlere bis gro\u00dfe Getreidemengen trocknen m\u00fcssen und denen die Transportf\u00e4higkeit des Trockners nicht so wichtig ist.","link":"https:\/\/www.mecmargroup.com\/de\/catalogo\/mobiltrockner-2\/s-de","name":"Serie S","slug":"s-de","taxonomy":"product_cat","parent":157,"meta":[],"acf":[],"yoast_head":"<!-- This site is optimized with the Yoast SEO plugin v23.0 - https:\/\/yoast.com\/wordpress\/plugins\/seo\/ -->\n<title>Serie S Archivi - Mecmar S.p.A.<\/title>\n<meta name=\"robots\" content=\"index, follow, max-snippet:-1, max-image-preview:large, max-video-preview:-1\" \/>\n<link rel=\"canonical\" href=\"https:\/\/www.mecmargroup.com\/de\/catalogo\/mobiltrockner-2\/s-de\" \/>\n<meta property=\"og:locale\" content=\"de_DE\" \/>\n<meta property=\"og:type\" content=\"article\" \/>\n<meta property=\"og:title\" content=\"Serie S Archivi - Mecmar S.p.A.\" \/>\n<meta property=\"og:description\" content=\"Die S-Serie ist unsere gro\u00dfe Serie (Durchmesser 3,85 m, Kapazit\u00e4t 42 bis 75 m3) f\u00fcr diejenigen, die mittlere bis gro\u00dfe Getreidemengen trocknen m\u00fcssen und denen die Transportf\u00e4higkeit des Trockners nicht so wichtig ist.\" \/>\n<meta property=\"og:url\" content=\"https:\/\/www.mecmargroup.com\/de\/catalogo\/mobiltrockner-2\/s-de\" \/>\n<meta property=\"og:site_name\" content=\"Mecmar S.p.A.\" \/>\n<meta name=\"twitter:card\" content=\"summary_large_image\" \/>\n<script type=\"application\/ld+json\" class=\"yoast-schema-graph\">{\"@context\":\"https:\/\/schema.org\",\"@graph\":[{\"@type\":\"CollectionPage\",\"@id\":\"https:\/\/www.mecmargroup.com\/de\/catalogo\/mobiltrockner-2\/s-de\",\"url\":\"https:\/\/www.mecmargroup.com\/de\/catalogo\/mobiltrockner-2\/s-de\",\"name\":\"Serie S Archivi - Mecmar S.p.A.\",\"isPartOf\":{\"@id\":\"https:\/\/www.mecmargroup.com\/de#website\"},\"breadcrumb\":{\"@id\":\"https:\/\/www.mecmargroup.com\/de\/catalogo\/mobiltrockner-2\/s-de#breadcrumb\"},\"inLanguage\":\"de\"},{\"@type\":\"BreadcrumbList\",\"@id\":\"https:\/\/www.mecmargroup.com\/de\/catalogo\/mobiltrockner-2\/s-de#breadcrumb\",\"itemListElement\":[{\"@type\":\"ListItem\",\"position\":1,\"name\":\"Mobiltrockner\",\"item\":\"https:\/\/www.mecmargroup.com\/de\/catalogo\/mobiltrockner-2\"},{\"@type\":\"ListItem\",\"position\":2,\"name\":\"Serie S\"}]},{\"@type\":\"WebSite\",\"@id\":\"https:\/\/www.mecmargroup.com\/de#website\",\"url\":\"https:\/\/www.mecmargroup.com\/de\",\"name\":\"Mecmar S.p.A.\",\"description\":\"\",\"potentialAction\":[{\"@type\":\"SearchAction\",\"target\":{\"@type\":\"EntryPoint\",\"urlTemplate\":\"https:\/\/www.mecmargroup.com\/de?s={search_term_string}\"},\"query-input\":\"required name=search_term_string\"}],\"inLanguage\":\"de\"}]}<\/script>\n<!-- \/ Yoast SEO plugin. -->","yoast_head_json":{"title":"Serie S Archivi - Mecmar S.p.A.","robots":{"index":"index","follow":"follow","max-snippet":"max-snippet:-1","max-image-preview":"max-image-preview:large","max-video-preview":"max-video-preview:-1"},"canonical":"https:\/\/www.mecmargroup.com\/de\/catalogo\/mobiltrockner-2\/s-de","og_locale":"de_DE","og_type":"article","og_title":"Serie S Archivi - Mecmar S.p.A.","og_description":"Die S-Serie ist unsere gro\u00dfe Serie (Durchmesser 3,85 m, Kapazit\u00e4t 42 bis 75 m3) f\u00fcr diejenigen, die mittlere bis gro\u00dfe Getreidemengen trocknen m\u00fcssen und denen die Transportf\u00e4higkeit des Trockners nicht so wichtig ist.","og_url":"https:\/\/www.mecmargroup.com\/de\/catalogo\/mobiltrockner-2\/s-de","og_site_name":"Mecmar S.p.A.","twitter_card":"summary_large_image","schema":{"@context":"https:\/\/schema.org","@graph":[{"@type":"CollectionPage","@id":"https:\/\/www.mecmargroup.com\/de\/catalogo\/mobiltrockner-2\/s-de","url":"https:\/\/www.mecmargroup.com\/de\/catalogo\/mobiltrockner-2\/s-de","name":"Serie S Archivi - Mecmar S.p.A.","isPartOf":{"@id":"https:\/\/www.mecmargroup.com\/de#website"},"breadcrumb":{"@id":"https:\/\/www.mecmargroup.com\/de\/catalogo\/mobiltrockner-2\/s-de#breadcrumb"},"inLanguage":"de"},{"@type":"BreadcrumbList","@id":"https:\/\/www.mecmargroup.com\/de\/catalogo\/mobiltrockner-2\/s-de#breadcrumb","itemListElement":[{"@type":"ListItem","position":1,"name":"Mobiltrockner","item":"https:\/\/www.mecmargroup.com\/de\/catalogo\/mobiltrockner-2"},{"@type":"ListItem","position":2,"name":"Serie S"}]},{"@type":"WebSite","@id":"https:\/\/www.mecmargroup.com\/de#website","url":"https:\/\/www.mecmargroup.com\/de","name":"Mecmar S.p.A.","description":"","potentialAction":[{"@type":"SearchAction","target":{"@type":"EntryPoint","urlTemplate":"https:\/\/www.mecmargroup.com\/de?s={search_term_string}"},"query-input":"required name=search_term_string"}],"inLanguage":"de"}]}},"_links":{"self":[{"href":"https:\/\/www.mecmargroup.com\/de\/wp-json\/wp\/v2\/product_cat\/196"}],"collection":[{"href":"https:\/\/www.mecmargroup.com\/de\/wp-json\/wp\/v2\/product_cat"}],"about":[{"href":"https:\/\/www.mecmargroup.com\/de\/wp-json\/wp\/v2\/taxonomies\/product_cat"}],"up":[{"embeddable":true,"href":"https:\/\/www.mecmargroup.com\/de\/wp-json\/wp\/v2\/product_cat\/157"}],"wp:post_type":[{"href":"https:\/\/www.mecmargroup.com\/de\/wp-json\/wp\/v2\/product?product_cat=196"}],"curies":[{"name":"wp","href":"https:\/\/api.w.org\/{rel}","templated":true}]}}